{"id":104584,"date":"2017-03-16T21:05:00","date_gmt":"2017-03-16T20:05:00","guid":{"rendered":"https:\/\/www.dogsie.cz\/teddy-stastne-stene\/"},"modified":"2020-11-21T18:48:48","modified_gmt":"2020-11-21T17:48:48","slug":"teddy-stastne-stene","status":"publish","type":"post","link":"https:\/\/www.dogsie.cz\/sk\/teddy-stastne-stene\/","title":{"rendered":"Teddy &#8211; \u0161\u0165astn\u00e9 \u0161t\u011bn\u011b"},"content":{"rendered":"<h5>Dogsie se za va\u0161\u00ed pomoci poda\u0159ilo vybrat 2376K\u010d. Tentokr\u00e1t p\u0159isp\u00edv\u00e1me na l\u00e9\u010dbu Teddyho. D\u011bkujeme.<\/h5>\n<div id=\"attachment_703\" style=\"width: 310px\" class=\"wp-caption alignnone\"><img loading=\"lazy\" decoding=\"async\" aria-describedby=\"caption-attachment-703\" class=\"wp-image-703 size-medium\" src=\"https:\/\/www.dogsie.cz\/wp-content\/uploads\/2020\/10\/17308905_1238321289586300_1373453994342029520_n-300x200.jpg\" alt=\"Teddy le\u017e\u00ed\" width=\"300\" height=\"200\"><p id=\"caption-attachment-703\" class=\"wp-caption-text\">Teddy (zdroj: facebook Gabriela Pausa)<\/p><\/div>\n<h6>Teddy je dev\u00edtim\u011bs\u00ed\u010dn\u00ed \u0161t\u011bn\u011b, kter\u00fd byl zachr\u00e1n\u011bn se sv\u00fdmi sourozenci po porodu od usp\u00e1n\u00ed pouze d\u00edky z\u00e1sahu veterin\u00e1\u0159ky. Pot\u00e9 ho adoptoval mlad\u00fd p\u00e1r, kter\u00fd na n\u011bj v\u0161ak nem\u011bl \u010das a&nbsp;Teddy se nudil s\u00e1m doma v&nbsp;mal\u00e9m byt\u011b. Na\u0161t\u011bst\u00ed byl po rozvaze vr\u00e1cen spolku PNP, kde se nyn\u00ed zotavuje z&nbsp;d\u016fsledk\u016f minim\u00e1ln\u00edho pohybu.<\/h6>\n<p><img loading=\"lazy\" decoding=\"async\" class=\"alignnone size-medium wp-image-676\" src=\"https:\/\/www.dogsie.cz\/wp-content\/uploads\/2020\/10\/Spoluprace-1-300x300.png\" alt=\"Spolupr\u00e1ce Dogsie a nadace Pes nejv\u011brn\u011bj\u0161\u00ed p\u0159\u00edtel\" width=\"300\" height=\"300\"><\/p>\n<p>Po narozen\u00ed byl Teddy p\u0159evezen na veterin\u00e1rn\u00ed stanici, aby byl spolu se sourozenci usp\u00e1n. Veterin\u00e1\u0159ka s&nbsp;majitelem matky v\u0161ak domluvila, aby Teddy se sv\u00fdmi sourozenci z\u016fstal u&nbsp;sv\u00e9 maminky a\u017e do doby, kdy bude p\u0159ipraven j\u00ed opustit a&nbsp;pot\u00e9 p\u0159ed\u00e1n do p\u00e9\u010de spolku Pes Nejv\u011brn\u011bj\u0161\u00ed P\u0159\u00edtel. Teddyho si adoptovali dva mlad\u00ed lid\u00e9, kte\u0159\u00ed se na v\u00fdchovu velmi t\u011b\u0161ili. Nakoupili mu spoustu n\u00e1dhern\u00fdch v\u011bc\u00ed a&nbsp;dopl\u0148k\u016f, ale na to nejd\u016fle\u017eit\u011bj\u0161\u00ed zapomn\u011bli. Ven\u010dit. Teddy byl zav\u0159en\u00fd doma. R\u00e1no a&nbsp;ve\u010der obe\u0161el na vod\u00edtku d\u016fm. A&nbsp;nedost\u00e1val spr\u00e1vn\u011b naj\u00edst.<\/p>\n<p>\u010c\u00edm v\u00edce v\u0161ak rostl, t\u00edm jasn\u011bj\u0161\u00ed bylo, \u017ee to tak d\u00e1le nep\u016fjde. Majitel\u00e9 ho vr\u00e1tili do p\u00e9\u010de spolku a&nbsp;od 16.2.&nbsp;bydl\u00ed u&nbsp;sv\u00e9 do\u010dasn\u00e9 rodiny. Nez\u016fstal v\u0161ak bez n\u00e1sledk\u016f. Z&nbsp;nedostatku pohybu nem\u011bl na t\u011ble skoro \u017e\u00e1dn\u00e9 svaly. Na p\u0159edn\u00edch tlapk\u00e1ch m\u011bl nefunk\u010dn\u00ed vazy. A&nbsp;byl celkov\u011b velmi slab\u00fd.<\/p>\n<div id=\"attachment_705\" style=\"width: 310px\" class=\"wp-caption alignnone\"><img loading=\"lazy\" decoding=\"async\" aria-describedby=\"caption-attachment-705\" class=\"wp-image-705 size-medium\" src=\"https:\/\/www.dogsie.cz\/wp-content\/uploads\/2020\/10\/17190547_1231018600316569_7113392128974182150_n-300x200.jpg\" alt=\"Teddy na gau\u010di\" width=\"300\" height=\"200\"><p id=\"caption-attachment-705\" class=\"wp-caption-text\">Teddy (zdroj : facebook Gabriela Pausa)<\/p><\/div>\n<p>D\u00edky do\u010dasn\u00e9 pe\u010dovatelce se stav v\u0161ak za\u010d\u00edn\u00e1 zlep\u0161ovat. Teddy m\u00e1 postupn\u011b v\u00edce pohybu a&nbsp;dost\u00e1v\u00e1 pravideln\u00e9 d\u00e1vky j\u00eddla na tvorbu sval\u016f. Chod\u00ed na rehabilitace a&nbsp;cvi\u010den\u00ed a&nbsp;ji\u017e na\u0161t\u011bst\u00ed nemus\u00ed nosit ort\u00e9zy. Pozd\u011bji mu p\u0159i celkov\u00e9 kontrole u&nbsp;MVDr. Ber\u00e1nka byla zji\u0161t\u011bna atrofie optick\u00e9ho nervu z&nbsp;nedostatku kvalitn\u00ed v\u00fd\u017eivy. Tud\u00ed\u017e Teddy \u0161patn\u011b ost\u0159\u00ed. Po\u0159\u00e1d ale existuje \u0161ance, \u017ee se spr\u00e1vnou v\u00fd\u017eivou bude zrak v&nbsp;po\u0159\u00e1dku.<\/p>\n<p>Jeho l\u00e9\u010dba bude pravd\u011bpodobn\u011b dlouh\u00e1 a&nbsp;n\u00e1kladn\u00e1, ale my v\u00edme, \u017ee si sv\u016fj domov ur\u010dit\u011b najde.<\/p>\n<p>Jinak je Teddy moc hrav\u00fd a&nbsp;poslu\u0161n\u00fd pes. Z\u00e1rove\u0148 je v\u0161ak i&nbsp;dobr\u00fdm hl\u00edda\u010dem. Je vhodn\u00fd k&nbsp;ostatn\u00edm ps\u016fm, ko\u010dk\u00e1m a&nbsp;d\u011btem. Pokud v\u00e1s zaj\u00edm\u00e1 o&nbsp;Teddym v\u00edce, pod\u00edvejte se na ud\u00e1lost na facebooku, kde jeho do\u010dasn\u00e1 pani\u010dka pravideln\u011b sd\u00edl\u00ed videa a&nbsp;nov\u00e9 informace.<\/p>\n<div id=\"attachment_704\" style=\"width: 310px\" class=\"wp-caption alignnone\"><img loading=\"lazy\" decoding=\"async\" aria-describedby=\"caption-attachment-704\" class=\"wp-image-704 size-medium\" src=\"https:\/\/www.dogsie.cz\/wp-content\/uploads\/2020\/10\/17264270_1238186316266464_142157160762265898_n-300x200.jpg\" alt=\"Teddy v tr\u00e1v\u011b\" width=\"300\" height=\"200\"><p id=\"caption-attachment-704\" class=\"wp-caption-text\">Teddy (zdroj: facebook Gabriela Pausa)<\/p><\/div>\n<p>Kontakt: 731&nbsp;173&nbsp;626 nebo mail&nbsp;<a href=\"mailto:Gabriela.pausa@seznam.cz\">Gabriela.pausa@seznam.cz<\/a> FB Gabriela Pausa<\/p>\n<p>Do adopce p\u016fjde od\u010derven\u00fd, o\u010dkovan\u00fd, o\u010dipovan\u00fd, kastrovan\u00fd na adop\u010dn\u00ed smlouvu s&nbsp;adop\u010dn\u00edm poplatkem 1500K\u010d.<\/p>\n","protected":false},"excerpt":{"rendered":"<p>Dogsie se za va\u0161\u00ed pomoci poda\u0159ilo vybrat 2376K\u010d. Tentokr\u00e1t p\u0159isp\u00edv\u00e1me na l\u00e9\u010dbu Teddyho. D\u011bkujeme. Teddy je dev\u00edtim\u011bs\u00ed\u010dn\u00ed \u0161t\u011bn\u011b, kter\u00fd byl zachr\u00e1n\u011bn se sv\u00fdmi sourozenci po porodu od usp\u00e1n\u00ed pouze d\u00edky z\u00e1sahu veterin\u00e1\u0159ky. Pot\u00e9 ho adoptoval mlad\u00fd p\u00e1r, kter\u00fd na n\u011bj v\u0161ak nem\u011bl \u010das a&nbsp;Teddy se nudil s\u00e1m doma v&nbsp;mal\u00e9m byt\u011b. Na\u0161t\u011bst\u00ed byl po rozvaze vr\u00e1cen [&hellip;]<\/p>\n","protected":false},"author":1547,"featured_media":102732,"comment_status":"open","ping_status":"open","sticky":false,"template":"","format":"standard","meta":{"_uag_custom_page_level_css":"","footnotes":""},"categories":[155],"tags":[],"class_list":["post-104584","post","type-post","status-publish","format-standard","has-post-thumbnail","hentry","category-pomoc-psum-v-nouzi"],"uagb_featured_image_src":{"full":["https:\/\/www.dogsie.cz\/wp-content\/uploads\/2020\/10\/17308905_1238321289586300_1373453994342029520_n.jpg",960,640,false],"thumbnail":["https:\/\/www.dogsie.cz\/wp-content\/uploads\/2020\/10\/17308905_1238321289586300_1373453994342029520_n.jpg",300,200,false],"medium":["https:\/\/www.dogsie.cz\/wp-content\/uploads\/2020\/10\/17308905_1238321289586300_1373453994342029520_n.jpg",600,400,false],"medium_large":["https:\/\/www.dogsie.cz\/wp-content\/uploads\/2020\/10\/17308905_1238321289586300_1373453994342029520_n.jpg",768,512,false],"large":["https:\/\/www.dogsie.cz\/wp-content\/uploads\/2020\/10\/17308905_1238321289586300_1373453994342029520_n.jpg",960,640,false],"1536x1536":["https:\/\/www.dogsie.cz\/wp-content\/uploads\/2020\/10\/17308905_1238321289586300_1373453994342029520_n.jpg",960,640,false],"2048x2048":["https:\/\/www.dogsie.cz\/wp-content\/uploads\/2020\/10\/17308905_1238321289586300_1373453994342029520_n.jpg",960,640,false],"blog-featured":["https:\/\/www.dogsie.cz\/wp-content\/uploads\/2020\/10\/17308905_1238321289586300_1373453994342029520_n.jpg",360,240,false],"blog-recommended":["https:\/\/www.dogsie.cz\/wp-content\/uploads\/2020\/10\/17308905_1238321289586300_1373453994342029520_n.jpg",210,140,false],"single-featured":["https:\/\/www.dogsie.cz\/wp-content\/uploads\/2020\/10\/17308905_1238321289586300_1373453994342029520_n.jpg",600,400,false],"review":["https:\/\/www.dogsie.cz\/wp-content\/uploads\/2020\/10\/17308905_1238321289586300_1373453994342029520_n.jpg",60,40,false],"product-card":["https:\/\/www.dogsie.cz\/wp-content\/uploads\/2020\/10\/17308905_1238321289586300_1373453994342029520_n-250x250.jpg",250,250,true],"woocommerce_thumbnail":["https:\/\/www.dogsie.cz\/wp-content\/uploads\/2020\/10\/17308905_1238321289586300_1373453994342029520_n-600x600.jpg",600,600,true],"woocommerce_single":["https:\/\/www.dogsie.cz\/wp-content\/uploads\/2020\/10\/17308905_1238321289586300_1373453994342029520_n.jpg",600,400,false],"woocommerce_gallery_thumbnail":["https:\/\/www.dogsie.cz\/wp-content\/uploads\/2020\/10\/17308905_1238321289586300_1373453994342029520_n-100x100.jpg",100,100,true],"140-140":["https:\/\/www.dogsie.cz\/wp-content\/uploads\/2020\/10\/17308905_1238321289586300_1373453994342029520_n.jpg",140,93,false]},"uagb_author_info":{"display_name":"Tereza Rou\u010dkov\u00e1","author_link":"https:\/\/www.dogsie.cz\/sk\/author\/tereza-rouckova\/"},"uagb_comment_info":0,"uagb_excerpt":"Dogsie se za va\u0161\u00ed pomoci poda\u0159ilo vybrat 2376K\u010d. Tentokr\u00e1t p\u0159isp\u00edv\u00e1me na l\u00e9\u010dbu Teddyho. D\u011bkujeme. Teddy je dev\u00edtim\u011bs\u00ed\u010dn\u00ed \u0161t\u011bn\u011b, kter\u00fd byl zachr\u00e1n\u011bn se sv\u00fdmi sourozenci po porodu od usp\u00e1n\u00ed pouze d\u00edky z\u00e1sahu veterin\u00e1\u0159ky. Pot\u00e9 ho adoptoval mlad\u00fd p\u00e1r, kter\u00fd na n\u011bj v\u0161ak nem\u011bl \u010das a&nbsp;Teddy se nudil s\u00e1m doma v&nbsp;mal\u00e9m byt\u011b. Na\u0161t\u011bst\u00ed byl po rozvaze vr\u00e1cen&hellip;","_links":{"self":[{"href":"https:\/\/www.dogsie.cz\/sk\/wp-json\/wp\/v2\/posts\/104584","targetHints":{"allow":["GET"]}}],"collection":[{"href":"https:\/\/www.dogsie.cz\/sk\/wp-json\/wp\/v2\/posts"}],"about":[{"href":"https:\/\/www.dogsie.cz\/sk\/wp-json\/wp\/v2\/types\/post"}],"author":[{"embeddable":true,"href":"https:\/\/www.dogsie.cz\/sk\/wp-json\/wp\/v2\/users\/1547"}],"replies":[{"embeddable":true,"href":"https:\/\/www.dogsie.cz\/sk\/wp-json\/wp\/v2\/comments?post=104584"}],"version-history":[{"count":1,"href":"https:\/\/www.dogsie.cz\/sk\/wp-json\/wp\/v2\/posts\/104584\/revisions"}],"predecessor-version":[{"id":105727,"href":"https:\/\/www.dogsie.cz\/sk\/wp-json\/wp\/v2\/posts\/104584\/revisions\/105727"}],"wp:featuredmedia":[{"embeddable":true,"href":"https:\/\/www.dogsie.cz\/sk\/wp-json\/wp\/v2\/media\/102732"}],"wp:attachment":[{"href":"https:\/\/www.dogsie.cz\/sk\/wp-json\/wp\/v2\/media?parent=104584"}],"wp:term":[{"taxonomy":"category","embeddable":true,"href":"https:\/\/www.dogsie.cz\/sk\/wp-json\/wp\/v2\/categories?post=104584"},{"taxonomy":"post_tag","embeddable":true,"href":"https:\/\/www.dogsie.cz\/sk\/wp-json\/wp\/v2\/tags?post=104584"}],"curies":[{"name":"wp","href":"https:\/\/api.w.org\/{rel}","templated":true}]}}