{"id":104598,"date":"2017-07-01T10:47:07","date_gmt":"2017-07-01T08:47:07","guid":{"rendered":"https:\/\/www.dogsie.cz\/lizu-nic-nezastavi\/"},"modified":"2020-11-21T18:48:46","modified_gmt":"2020-11-21T17:48:46","slug":"lizu-nic-nezastavi","status":"publish","type":"post","link":"https:\/\/www.dogsie.cz\/sk\/lizu-nic-nezastavi\/","title":{"rendered":"L\u00edzu nic nezastav\u00ed"},"content":{"rendered":"<h6>V ned\u011bli 25.6.&nbsp;jsme se z\u00fa\u010dastnili akce Ps\u00ed hv\u011bzdy 2017 na\u0161eho partnera Pes nejv\u011brn\u011bj\u0161\u00ed p\u0159\u00edtel z.s., kde si lid\u00e9 mimo jin\u00e9 mohli vybrat a&nbsp;adoptovat pejska. N\u00e1s v\u0161ak zaujala L\u00edza, ochrnut\u00fd pejsek s&nbsp;voz\u00ed\u010dkem. I&nbsp;p\u0159es sv\u016fj handicap si L\u00edza u\u017e\u00edvala \u017eivota a&nbsp;pob\u00edhala snad je\u0161t\u011b v\u00edce ne\u017e ostatn\u00ed pejsci.<\/h6>\n<p>L\u00edze je 7 let a&nbsp;je k\u0159\u00ed\u017eencem pasteveck\u00e9ho psa. Z&nbsp;ni\u010deho nic v\u0161ak ochrnula na zadn\u00ed nohy a&nbsp;svaly j\u00ed nav\u00edc \u00fapln\u011b zablokovaly vylu\u010dov\u00e1n\u00ed. Jej\u00ed p\u0159edchoz\u00ed rodina nem\u011bla dostatek finan\u010dn\u00edch prost\u0159edk\u016f a&nbsp;rozhodla se L\u00edzu utratit. Spolek Pes nejv\u011brn\u011bj\u0161\u00ed p\u0159\u00edtel z.s. v\u0161ak L\u00edzu adoptoval a&nbsp;zajistil veterin\u00e1rn\u00ed p\u00e9\u010di.<\/p>\n<p>Bohu\u017eel veterin\u00e1\u0159i zjistili, \u017ee utrp\u011bla tzv. &#8222;infarkt m\u00edchy&#8220;. Tud\u00ed\u017e nem\u016f\u017ee h\u00fdbat zadn\u00edma nohama a&nbsp;ovl\u00e1dat vylu\u010dov\u00e1n\u00ed. P\u0159\u00ed\u010dina infarktu je v\u0161ak nezn\u00e1m\u00e1. L\u00edza str\u00e1vila t\u00fdden na veterin\u00e1rn\u00ed klinice v&nbsp;T\u00e1bo\u0159e a&nbsp;pot\u00e9 byla p\u0159evezena do Prahy do do\u010dasn\u00e9 p\u00e9\u010de.<\/p>\n<div id=\"attachment_883\" style=\"width: 310px\" class=\"wp-caption alignnone\"><img loading=\"lazy\" decoding=\"async\" aria-describedby=\"caption-attachment-883\" class=\"wp-image-883 size-medium\" src=\"https:\/\/www.dogsie.cz\/wp-content\/uploads\/2020\/10\/19511258_1948326082112460_7147871746430096457_n-300x197.jpg\" alt=\"L\u00edza na \u010derven\u00e9m koberci\" width=\"300\" height=\"197\" \/><p id=\"caption-attachment-883\" class=\"wp-caption-text\">L\u00edza (zdroj: facebook Pes nejv\u011brn\u011bj\u0161\u00ed p\u0159\u00edtel z.s.)<\/p><\/div>\n<p>&nbsp;<\/p>\n<p>L\u00edza ztratila svoj\u00ed d\u016fv\u011bru v&nbsp;lidi a&nbsp;p\u0159i manipulaci ob\u010das zavr\u010d\u00ed. Av\u0161ak z&nbsp;t\u011b\u017ek\u00e9ho obdob\u00ed se dost\u00e1v\u00e1 pom\u011brn\u011b rychle a&nbsp;nyn\u00ed prob\u00edh\u00e1 proces zp\u011btn\u00e9 socializace mezi ostatn\u00edmi pejsky. L\u00edza dostala sv\u016fj voz\u00ed\u010dek na m\u00edru a&nbsp;venku si u\u017e\u00edv\u00e1 pohybu. Doslova p\u0159\u00edmo o\u017eila. Doma se bez probl\u00e9m\u016f plaz\u00ed po p\u0159edn\u00edch pack\u00e1ch a&nbsp;v\u016fbec na n\u00ed nen\u00ed zn\u00e1t smutek. Jeliko\u017e v\u0161ak neovl\u00e1d\u00e1 zadn\u00ed \u010d\u00e1st t\u011bla, mus\u00ed nosit hygienick\u00e9 pom\u016fcky, kter\u00e9 jsou pom\u011brn\u011b n\u00e1kladn\u00e9.<\/p>\n<div id=\"attachment_880\" style=\"width: 310px\" class=\"wp-caption alignnone\"><img loading=\"lazy\" decoding=\"async\" aria-describedby=\"caption-attachment-880\" class=\"wp-image-880 size-medium\" src=\"https:\/\/www.dogsie.cz\/wp-content\/uploads\/2020\/10\/19146221_1942837525994649_6363690294462956372_n-300x169.jpg\" alt=\"L\u00edza s dal\u0161\u00edm psem\" width=\"300\" height=\"169\" \/><p id=\"caption-attachment-880\" class=\"wp-caption-text\">L\u00edza a&nbsp;dal\u0161\u00ed pes (zdroj: facebook Pes nejv\u011brn\u011bj\u0161\u00ed p\u0159\u00edtel z.s.)<\/p><\/div>\n<p>N\u00e1s z&nbsp;Dogsie L\u00edza svou chut\u00ed \u017e\u00edt a&nbsp;b\u011bhat dostala, a&nbsp;proto jsme se po konzultaci s&nbsp;Krist\u00ednou z&nbsp;PNP rozhodli p\u0159isp\u011bt v&nbsp;\u010dervnu na n\u00ed.<\/p>\n<h6>Za \u010derven pos\u00edl\u00e1me 1200K\u010d na L\u00edzu a&nbsp;ji\u017e se n\u00e1m poda\u0159ilo p\u0159isp\u011bt celkov\u011b 5276K\u010d na pejsky v&nbsp;nouzi. D\u011bkujeme!<\/h6>\n<p>&nbsp;<\/p>\n","protected":false},"excerpt":{"rendered":"<p>V ned\u011bli 25.6.&nbsp;jsme se z\u00fa\u010dastnili akce Ps\u00ed hv\u011bzdy 2017 na\u0161eho partnera Pes nejv\u011brn\u011bj\u0161\u00ed p\u0159\u00edtel z.s., kde si lid\u00e9 mimo jin\u00e9 mohli vybrat a&nbsp;adoptovat pejska. N\u00e1s v\u0161ak zaujala L\u00edza, ochrnut\u00fd pejsek s&nbsp;voz\u00ed\u010dkem. I&nbsp;p\u0159es sv\u016fj handicap si L\u00edza u\u017e\u00edvala \u017eivota a&nbsp;pob\u00edhala snad je\u0161t\u011b v\u00edce ne\u017e ostatn\u00ed pejsci. L\u00edze je 7 let a&nbsp;je k\u0159\u00ed\u017eencem pasteveck\u00e9ho psa. Z&nbsp;ni\u010deho nic [&hellip;]<\/p>\n","protected":false},"author":1547,"featured_media":103010,"comment_status":"open","ping_status":"open","sticky":false,"template":"","format":"standard","meta":{"_uag_custom_page_level_css":"","footnotes":""},"categories":[155],"tags":[],"class_list":["post-104598","post","type-post","status-publish","format-standard","has-post-thumbnail","hentry","category-pomoc-psum-v-nouzi"],"uagb_featured_image_src":{"full":["https:\/\/www.dogsie.cz\/wp-content\/uploads\/2020\/10\/18920198_468655900133971_3361814711338477087_n.jpg",720,960,false],"thumbnail":["https:\/\/www.dogsie.cz\/wp-content\/uploads\/2020\/10\/18920198_468655900133971_3361814711338477087_n.jpg",225,300,false],"medium":["https:\/\/www.dogsie.cz\/wp-content\/uploads\/2020\/10\/18920198_468655900133971_3361814711338477087_n.jpg",450,600,false],"medium_large":["https:\/\/www.dogsie.cz\/wp-content\/uploads\/2020\/10\/18920198_468655900133971_3361814711338477087_n.jpg",720,960,false],"large":["https:\/\/www.dogsie.cz\/wp-content\/uploads\/2020\/10\/18920198_468655900133971_3361814711338477087_n.jpg",720,960,false],"1536x1536":["https:\/\/www.dogsie.cz\/wp-content\/uploads\/2020\/10\/18920198_468655900133971_3361814711338477087_n.jpg",720,960,false],"2048x2048":["https:\/\/www.dogsie.cz\/wp-content\/uploads\/2020\/10\/18920198_468655900133971_3361814711338477087_n.jpg",720,960,false],"blog-featured":["https:\/\/www.dogsie.cz\/wp-content\/uploads\/2020\/10\/18920198_468655900133971_3361814711338477087_n.jpg",180,240,false],"blog-recommended":["https:\/\/www.dogsie.cz\/wp-content\/uploads\/2020\/10\/18920198_468655900133971_3361814711338477087_n.jpg",105,140,false],"single-featured":["https:\/\/www.dogsie.cz\/wp-content\/uploads\/2020\/10\/18920198_468655900133971_3361814711338477087_n.jpg",300,400,false],"review":["https:\/\/www.dogsie.cz\/wp-content\/uploads\/2020\/10\/18920198_468655900133971_3361814711338477087_n.jpg",45,60,false],"product-card":["https:\/\/www.dogsie.cz\/wp-content\/uploads\/2020\/10\/18920198_468655900133971_3361814711338477087_n-250x250.jpg",250,250,true],"woocommerce_thumbnail":["https:\/\/www.dogsie.cz\/wp-content\/uploads\/2020\/10\/18920198_468655900133971_3361814711338477087_n-600x600.jpg",600,600,true],"woocommerce_single":["https:\/\/www.dogsie.cz\/wp-content\/uploads\/2020\/10\/18920198_468655900133971_3361814711338477087_n.jpg",600,800,false],"woocommerce_gallery_thumbnail":["https:\/\/www.dogsie.cz\/wp-content\/uploads\/2020\/10\/18920198_468655900133971_3361814711338477087_n-100x100.jpg",100,100,true],"140-140":["https:\/\/www.dogsie.cz\/wp-content\/uploads\/2020\/10\/18920198_468655900133971_3361814711338477087_n.jpg",105,140,false]},"uagb_author_info":{"display_name":"Tereza Rou\u010dkov\u00e1","author_link":"https:\/\/www.dogsie.cz\/sk\/author\/tereza-rouckova\/"},"uagb_comment_info":0,"uagb_excerpt":"V ned\u011bli 25.6.&nbsp;jsme se z\u00fa\u010dastnili akce Ps\u00ed hv\u011bzdy 2017 na\u0161eho partnera Pes nejv\u011brn\u011bj\u0161\u00ed p\u0159\u00edtel z.s., kde si lid\u00e9 mimo jin\u00e9 mohli vybrat a&nbsp;adoptovat pejska. N\u00e1s v\u0161ak zaujala L\u00edza, ochrnut\u00fd pejsek s&nbsp;voz\u00ed\u010dkem. I&nbsp;p\u0159es sv\u016fj handicap si L\u00edza u\u017e\u00edvala \u017eivota a&nbsp;pob\u00edhala snad je\u0161t\u011b v\u00edce ne\u017e ostatn\u00ed pejsci. L\u00edze je 7 let a&nbsp;je k\u0159\u00ed\u017eencem pasteveck\u00e9ho psa. Z&nbsp;ni\u010deho nic&hellip;","_links":{"self":[{"href":"https:\/\/www.dogsie.cz\/sk\/wp-json\/wp\/v2\/posts\/104598","targetHints":{"allow":["GET"]}}],"collection":[{"href":"https:\/\/www.dogsie.cz\/sk\/wp-json\/wp\/v2\/posts"}],"about":[{"href":"https:\/\/www.dogsie.cz\/sk\/wp-json\/wp\/v2\/types\/post"}],"author":[{"embeddable":true,"href":"https:\/\/www.dogsie.cz\/sk\/wp-json\/wp\/v2\/users\/1547"}],"replies":[{"embeddable":true,"href":"https:\/\/www.dogsie.cz\/sk\/wp-json\/wp\/v2\/comments?post=104598"}],"version-history":[{"count":1,"href":"https:\/\/www.dogsie.cz\/sk\/wp-json\/wp\/v2\/posts\/104598\/revisions"}],"predecessor-version":[{"id":107858,"href":"https:\/\/www.dogsie.cz\/sk\/wp-json\/wp\/v2\/posts\/104598\/revisions\/107858"}],"wp:featuredmedia":[{"embeddable":true,"href":"https:\/\/www.dogsie.cz\/sk\/wp-json\/wp\/v2\/media\/103010"}],"wp:attachment":[{"href":"https:\/\/www.dogsie.cz\/sk\/wp-json\/wp\/v2\/media?parent=104598"}],"wp:term":[{"taxonomy":"category","embeddable":true,"href":"https:\/\/www.dogsie.cz\/sk\/wp-json\/wp\/v2\/categories?post=104598"},{"taxonomy":"post_tag","embeddable":true,"href":"https:\/\/www.dogsie.cz\/sk\/wp-json\/wp\/v2\/tags?post=104598"}],"curies":[{"name":"wp","href":"https:\/\/api.w.org\/{rel}","templated":true}]}}